{"id":7422,"date":"2025-03-07T13:10:27","date_gmt":"2025-03-07T12:10:27","guid":{"rendered":"https:\/\/www.eurodata.co.at\/?post_type=news&#038;p=7422"},"modified":"2025-10-06T09:23:58","modified_gmt":"2025-10-06T07:23:58","slug":"die-cloud-loesung-edtime-bildet-regelungen-aus-dem-einzelhandel-kollektivvertrag-ab","status":"publish","type":"news","link":"https:\/\/www.eurodata.co.at\/de\/news\/die-cloud-loesung-edtime-bildet-regelungen-aus-dem-einzelhandel-kollektivvertrag-ab\/","title":{"rendered":"Cloud-L\u00f6sung edtime bildet Regelungen aus dem \u201eEinzelhandel&#8220; Kollektivvertrag"},"content":{"rendered":"<p>In<span>\u00a0<\/span><strong>\u00d6sterreich<\/strong><span>\u00a0<\/span>nehmen<span>\u00a0<\/span><strong>Kollektivvertr\u00e4ge<\/strong><span>\u00a0<\/span>in arbeitsrechtlicher Hinsicht eine wichtige Rolle ein. Das gilt auch f\u00fcr den Kollektivvertrag im Einzelhandel. Diese Vertr\u00e4ge werden zwischen den kollektivvertragsf\u00e4higen Vertretungen der Arbeitgeber- und der Arbeitnehmerseite abgeschlossen und regeln neben dem<span>\u00a0<\/span><strong>Mindestentgelt<\/strong><span>\u00a0<\/span>weitere wesentliche arbeitsrechtliche Bestimmungen, u.a. Zusch\u00fcsse, flexible Arbeitszeiten, etc. Deshalb sind sie zentraler Bestandteil in der Zusammenarbeit von Unternehmen und ihren Mitarbeitern.<\/p>\n<p>Gemeinsam mit f\u00fchrenden Arbeitsrechtlern hat<span>\u00a0<\/span><strong>eurodata<\/strong><span>\u00a0<\/span>die Anforderungen des Kollektivvertrags \u201eEinzelhandel\u201c analysiert und seine Zeiterfassungs- und Personalplanungssoftware um die Ber\u00fccksichtigung der entsprechenden Regelwerke erg\u00e4nzt. Jetzt kann edtime die Zuschl\u00e4ge pro Mitarbeiter und Tag innerhalb des abzurechnenden Zeitraums abbilden. Auch wichtige Vorgaben rund um das Thema Urlaubsbetrachtung, lassen sich in der L\u00f6sung darstellen. Damit bietet die Zeiterfassungs- und Personaleinsatzplanungsl\u00f6sung der eurodata attraktive Mehrwerte f\u00fcr die Unternehmen des \u00f6sterreichischen Einzelhandels.<\/p>\n<p>Mehr Informationen zu edtime unter:<span>\u00a0<\/span><a href=\"http:\/\/www.eurodata.co.at\/de\/zeiterfassung-personaleinsatzplanung\/\" target=\"_blank\" rel=\"noopener\">www.eurodata.co.at\/de\/zeiterfassung-personaleinsatzplanung\/<\/a><\/p>\n","protected":false},"excerpt":{"rendered":"<p>Damit unterst\u00fctzt edtime PLUS in \u00d6sterreich wichtige, branchenspezifische Vorgaben aus dem Einzelhandel<\/p>\n","protected":false},"featured_media":7425,"template":"","class_list":["post-7422","news","type-news","status-publish","has-post-thumbnail","hentry","news-kategorien-news-unternehmen"],"distributor_meta":false,"distributor_terms":false,"distributor_media":false,"distributor_original_site_name":"eurodata GmbH \u00d6sterreich","distributor_original_site_url":"https:\/\/www.eurodata.co.at\/de\/","push-errors":false,"_links":{"self":[{"href":"https:\/\/www.eurodata.co.at\/de\/wp-json\/wp\/v2\/news\/7422","targetHints":{"allow":["GET"]}}],"collection":[{"href":"https:\/\/www.eurodata.co.at\/de\/wp-json\/wp\/v2\/news"}],"about":[{"href":"https:\/\/www.eurodata.co.at\/de\/wp-json\/wp\/v2\/types\/news"}],"version-history":[{"count":3,"href":"https:\/\/www.eurodata.co.at\/de\/wp-json\/wp\/v2\/news\/7422\/revisions"}],"predecessor-version":[{"id":7630,"href":"https:\/\/www.eurodata.co.at\/de\/wp-json\/wp\/v2\/news\/7422\/revisions\/7630"}],"wp:featuredmedia":[{"embeddable":true,"href":"https:\/\/www.eurodata.co.at\/de\/wp-json\/wp\/v2\/media\/7425"}],"wp:attachment":[{"href":"https:\/\/www.eurodata.co.at\/de\/wp-json\/wp\/v2\/media?parent=7422"}],"curies":[{"name":"wp","href":"https:\/\/api.w.org\/{rel}","templated":true}]}}